{"id":2758,"date":"2024-04-04T17:12:21","date_gmt":"2024-04-04T17:12:21","guid":{"rendered":"https:\/\/nervo.pt\/web\/?p=2758"},"modified":"2024-08-20T15:31:01","modified_gmt":"2024-08-20T15:31:01","slug":"feira-do-livro","status":"publish","type":"post","link":"https:\/\/nervo.pt\/web\/feira-do-livro\/","title":{"rendered":"Feira do Livro"},"content":{"rendered":"\t\t<div data-elementor-type=\"wp-post\" data-elementor-id=\"2758\" class=\"elementor elementor-2758\" data-elementor-post-type=\"post\">\n\t\t\t\t\t\t<section class=\"elementor-section elementor-top-section elementor-element elementor-element-ac57e47 elementor-section-full_width animated-slow elementor-section-height-default elementor-section-height-default elementor-invisible\" data-id=\"ac57e47\" data-element_type=\"section\" data-e-type=\"section\" data-settings=\"{&quot;animation&quot;:&quot;fadeIn&quot;}\">\n\t\t\t\t\t\t<div class=\"elementor-container elementor-column-gap-no\">\n\t\t\t\t\t<div class=\"elementor-column elementor-col-100 elementor-top-column elementor-element elementor-element-1687ce4\" data-id=\"1687ce4\" data-element_type=\"column\" data-e-type=\"column\">\n\t\t\t<div class=\"elementor-widget-wrap elementor-element-populated\">\n\t\t\t\t\t\t<div class=\"elementor-element elementor-element-58b8a7c elementor-widget elementor-widget-image\" data-id=\"58b8a7c\" data-element_type=\"widget\" data-e-type=\"widget\" data-widget_type=\"image.default\">\n\t\t\t\t<div class=\"elementor-widget-container\">\n\t\t\t\t\t\t\t\t\t\t\t\t\t\t\t<img fetchpriority=\"high\" decoding=\"async\" width=\"750\" height=\"500\" src=\"https:\/\/nervo.pt\/web\/wp-content\/uploads\/2023\/12\/034_NERVO_FEIRA_DO_LIVRO_LEYA-1-1024x683.jpg\" class=\"attachment-large size-large wp-image-2761\" alt=\"\" srcset=\"https:\/\/nervo.pt\/web\/wp-content\/uploads\/2023\/12\/034_NERVO_FEIRA_DO_LIVRO_LEYA-1-1024x683.jpg 1024w, https:\/\/nervo.pt\/web\/wp-content\/uploads\/2023\/12\/034_NERVO_FEIRA_DO_LIVRO_LEYA-1-300x200.jpg 300w, https:\/\/nervo.pt\/web\/wp-content\/uploads\/2023\/12\/034_NERVO_FEIRA_DO_LIVRO_LEYA-1-768x512.jpg 768w, https:\/\/nervo.pt\/web\/wp-content\/uploads\/2023\/12\/034_NERVO_FEIRA_DO_LIVRO_LEYA-1-1536x1024.jpg 1536w, https:\/\/nervo.pt\/web\/wp-content\/uploads\/2023\/12\/034_NERVO_FEIRA_DO_LIVRO_LEYA-1-1568x1045.jpg 1568w, https:\/\/nervo.pt\/web\/wp-content\/uploads\/2023\/12\/034_NERVO_FEIRA_DO_LIVRO_LEYA-1.jpg 1920w\" sizes=\"(max-width: 750px) 100vw, 750px\" style=\"width:100%;height:66.67%;max-width:1920px\" \/>\t\t\t\t\t\t\t\t\t\t\t\t\t\t\t<\/div>\n\t\t\t\t<\/div>\n\t\t\t\t\t<\/div>\n\t\t<\/div>\n\t\t\t\t\t<\/div>\n\t\t<\/section>\n\t\t\t\t<section class=\"elementor-section elementor-top-section elementor-element elementor-element-e994b7b elementor-section-boxed elementor-section-height-default elementor-section-height-default\" data-id=\"e994b7b\" data-element_type=\"section\" data-e-type=\"section\">\n\t\t\t\t\t\t<div class=\"elementor-container elementor-column-gap-default\">\n\t\t\t\t\t<div class=\"elementor-column elementor-col-100 elementor-top-column elementor-element elementor-element-2e0162e\" data-id=\"2e0162e\" data-element_type=\"column\" data-e-type=\"column\">\n\t\t\t<div class=\"elementor-widget-wrap elementor-element-populated\">\n\t\t\t\t\t\t<div class=\"elementor-element elementor-element-5a32a51 elementor-widget elementor-widget-heading\" data-id=\"5a32a51\" data-element_type=\"widget\" data-e-type=\"widget\" data-widget_type=\"heading.default\">\n\t\t\t\t<div class=\"elementor-widget-container\">\n\t\t\t\t\t<h3 class=\"elementor-heading-title elementor-size-default\">CONTEXTO<\/h3>\t\t\t\t<\/div>\n\t\t\t\t<\/div>\n\t\t\t\t<div class=\"elementor-element elementor-element-cc4ca3b elementor-widget elementor-widget-text-editor\" data-id=\"cc4ca3b\" data-element_type=\"widget\" data-e-type=\"widget\" data-widget_type=\"text-editor.default\">\n\t\t\t\t<div class=\"elementor-widget-container\">\n\t\t\t\t\t\t\t\t\t<p style=\"font-weight: 400;\">Na Feira do Livro de 2023, volt\u00e1mos a desenvolver o espa\u00e7o na Pra\u00e7a Leya, com algumas particularidades novas. A marca quis chegar mais perto dos criadores de conte\u00fado e ter uma ativa\u00e7\u00e3o na LeYaTok, com uma \u00e1rea prop\u00edcia para a cria\u00e7\u00e3o de conte\u00fados digitais. O objetivo desta a\u00e7\u00e3o era comunicar os produtos da marca, gerar conte\u00fado, criar engagment e estender a presen\u00e7a f\u00edsica na feira para o mundo digital.<\/p>\t\t\t\t\t\t\t\t<\/div>\n\t\t\t\t<\/div>\n\t\t\t\t\t<\/div>\n\t\t<\/div>\n\t\t\t\t\t<\/div>\n\t\t<\/section>\n\t\t\t\t<section class=\"elementor-section elementor-top-section elementor-element elementor-element-22be19e elementor-section-boxed elementor-section-height-default elementor-section-height-default\" data-id=\"22be19e\" data-element_type=\"section\" data-e-type=\"section\">\n\t\t\t\t\t\t<div class=\"elementor-container elementor-column-gap-default\">\n\t\t\t\t\t<div class=\"elementor-column elementor-col-50 elementor-top-column elementor-element elementor-element-77797a4\" data-id=\"77797a4\" data-element_type=\"column\" data-e-type=\"column\">\n\t\t\t<div class=\"elementor-widget-wrap elementor-element-populated\">\n\t\t\t\t\t\t<div class=\"elementor-element elementor-element-be338f4 elementor-widget elementor-widget-image\" data-id=\"be338f4\" data-element_type=\"widget\" data-e-type=\"widget\" data-widget_type=\"image.default\">\n\t\t\t\t<div class=\"elementor-widget-container\">\n\t\t\t\t\t\t\t\t\t\t\t\t\t\t\t<img decoding=\"async\" width=\"750\" height=\"500\" src=\"https:\/\/nervo.pt\/web\/wp-content\/uploads\/2023\/12\/004_NERVO_FEIRA_DO_LIVRO_LEYA-1024x683.jpg\" class=\"attachment-large size-large wp-image-2766\" alt=\"\" srcset=\"https:\/\/nervo.pt\/web\/wp-content\/uploads\/2023\/12\/004_NERVO_FEIRA_DO_LIVRO_LEYA-1024x683.jpg 1024w, https:\/\/nervo.pt\/web\/wp-content\/uploads\/2023\/12\/004_NERVO_FEIRA_DO_LIVRO_LEYA-300x200.jpg 300w, https:\/\/nervo.pt\/web\/wp-content\/uploads\/2023\/12\/004_NERVO_FEIRA_DO_LIVRO_LEYA-768x512.jpg 768w, https:\/\/nervo.pt\/web\/wp-content\/uploads\/2023\/12\/004_NERVO_FEIRA_DO_LIVRO_LEYA-1536x1024.jpg 1536w, https:\/\/nervo.pt\/web\/wp-content\/uploads\/2023\/12\/004_NERVO_FEIRA_DO_LIVRO_LEYA-1568x1045.jpg 1568w, https:\/\/nervo.pt\/web\/wp-content\/uploads\/2023\/12\/004_NERVO_FEIRA_DO_LIVRO_LEYA.jpg 1920w\" sizes=\"(max-width: 750px) 100vw, 750px\" style=\"width:100%;height:66.67%;max-width:1920px\" \/>\t\t\t\t\t\t\t\t\t\t\t\t\t\t\t<\/div>\n\t\t\t\t<\/div>\n\t\t\t\t\t<\/div>\n\t\t<\/div>\n\t\t\t\t<div class=\"elementor-column elementor-col-50 elementor-top-column elementor-element elementor-element-918a153\" data-id=\"918a153\" data-element_type=\"column\" data-e-type=\"column\">\n\t\t\t<div class=\"elementor-widget-wrap elementor-element-populated\">\n\t\t\t\t\t\t<div class=\"elementor-element elementor-element-2bbfac7 elementor-widget elementor-widget-image\" data-id=\"2bbfac7\" data-element_type=\"widget\" data-e-type=\"widget\" data-widget_type=\"image.default\">\n\t\t\t\t<div class=\"elementor-widget-container\">\n\t\t\t\t\t\t\t\t\t\t\t\t\t\t\t<img decoding=\"async\" width=\"750\" height=\"500\" src=\"https:\/\/nervo.pt\/web\/wp-content\/uploads\/2023\/12\/069_NERVO_FEIRA_DO_LIVRO_LEYA-1024x683.jpg\" class=\"attachment-large size-large wp-image-2767\" alt=\"\" srcset=\"https:\/\/nervo.pt\/web\/wp-content\/uploads\/2023\/12\/069_NERVO_FEIRA_DO_LIVRO_LEYA-1024x683.jpg 1024w, https:\/\/nervo.pt\/web\/wp-content\/uploads\/2023\/12\/069_NERVO_FEIRA_DO_LIVRO_LEYA-300x200.jpg 300w, https:\/\/nervo.pt\/web\/wp-content\/uploads\/2023\/12\/069_NERVO_FEIRA_DO_LIVRO_LEYA-768x512.jpg 768w, https:\/\/nervo.pt\/web\/wp-content\/uploads\/2023\/12\/069_NERVO_FEIRA_DO_LIVRO_LEYA-1536x1024.jpg 1536w, https:\/\/nervo.pt\/web\/wp-content\/uploads\/2023\/12\/069_NERVO_FEIRA_DO_LIVRO_LEYA-1568x1045.jpg 1568w, https:\/\/nervo.pt\/web\/wp-content\/uploads\/2023\/12\/069_NERVO_FEIRA_DO_LIVRO_LEYA.jpg 1920w\" sizes=\"(max-width: 750px) 100vw, 750px\" style=\"width:100%;height:66.67%;max-width:1920px\" \/>\t\t\t\t\t\t\t\t\t\t\t\t\t\t\t<\/div>\n\t\t\t\t<\/div>\n\t\t\t\t\t<\/div>\n\t\t<\/div>\n\t\t\t\t\t<\/div>\n\t\t<\/section>\n\t\t\t\t<section class=\"elementor-section elementor-top-section elementor-element elementor-element-ce994be elementor-section-content-middle elementor-section-boxed elementor-section-height-default elementor-section-height-default\" data-id=\"ce994be\" data-element_type=\"section\" data-e-type=\"section\">\n\t\t\t\t\t\t<div class=\"elementor-container elementor-column-gap-default\">\n\t\t\t\t\t<div class=\"elementor-column elementor-col-100 elementor-top-column elementor-element elementor-element-e9cf427\" data-id=\"e9cf427\" data-element_type=\"column\" data-e-type=\"column\">\n\t\t\t<div class=\"elementor-widget-wrap elementor-element-populated\">\n\t\t\t\t\t\t<div class=\"elementor-element elementor-element-5e392be elementor-widget elementor-widget-heading\" data-id=\"5e392be\" data-element_type=\"widget\" data-e-type=\"widget\" data-widget_type=\"heading.default\">\n\t\t\t\t<div class=\"elementor-widget-container\">\n\t\t\t\t\t<h3 class=\"elementor-heading-title elementor-size-default\">SOLU\u00c7\u00c3O<\/h3>\t\t\t\t<\/div>\n\t\t\t\t<\/div>\n\t\t\t\t<div class=\"elementor-element elementor-element-cc1ced5 elementor-widget elementor-widget-text-editor\" data-id=\"cc1ced5\" data-element_type=\"widget\" data-e-type=\"widget\" data-widget_type=\"text-editor.default\">\n\t\t\t\t<div class=\"elementor-widget-container\">\n\t\t\t\t\t\t\t\t\t<p style=\"font-weight: 400;\"><strong>Pra\u00e7a Leya<\/strong><\/p><p style=\"font-weight: 400;\">Na Pra\u00e7a LeYa, para representar a versatilidade litera\u0301ria que a marca proporciona aos seus leitores, cria\u0301mos o conceito \u201c<strong>Seja qual for a escolha, LeYa<\/strong>\u201d, que comunica com o pu\u0301blico-alvo como se este estivesse inserido na histo\u0301ria que escolheu ler.<\/p><p>\u00a0<\/p><p style=\"font-weight: 400;\"><em>As ilustra\u00e7\u00f5es representam as diferentes pessoas que encontram na marca uma resposta para as suas escolhas.<\/em><\/p>\t\t\t\t\t\t\t\t<\/div>\n\t\t\t\t<\/div>\n\t\t\t\t\t<\/div>\n\t\t<\/div>\n\t\t\t\t\t<\/div>\n\t\t<\/section>\n\t\t\t\t<section class=\"elementor-section elementor-top-section elementor-element elementor-element-4c96117 elementor-section-full_width animated-slow elementor-section-height-default elementor-section-height-default elementor-invisible\" data-id=\"4c96117\" data-element_type=\"section\" data-e-type=\"section\" data-settings=\"{&quot;animation&quot;:&quot;fadeIn&quot;}\">\n\t\t\t\t\t\t<div class=\"elementor-container elementor-column-gap-no\">\n\t\t\t\t\t<div class=\"elementor-column elementor-col-100 elementor-top-column elementor-element elementor-element-078cfc9\" data-id=\"078cfc9\" data-element_type=\"column\" data-e-type=\"column\">\n\t\t\t<div class=\"elementor-widget-wrap elementor-element-populated\">\n\t\t\t\t\t\t<div class=\"elementor-element elementor-element-36d200f elementor-widget elementor-widget-image\" data-id=\"36d200f\" data-element_type=\"widget\" data-e-type=\"widget\" data-widget_type=\"image.default\">\n\t\t\t\t<div class=\"elementor-widget-container\">\n\t\t\t\t\t\t\t\t\t\t\t\t\t\t\t<img loading=\"lazy\" decoding=\"async\" width=\"750\" height=\"500\" src=\"https:\/\/nervo.pt\/web\/wp-content\/uploads\/2023\/12\/111_NERVO_FEIRA_DO_LIVRO_LEYA-1024x683.jpg\" class=\"attachment-large size-large wp-image-2771\" alt=\"\" srcset=\"https:\/\/nervo.pt\/web\/wp-content\/uploads\/2023\/12\/111_NERVO_FEIRA_DO_LIVRO_LEYA-1024x683.jpg 1024w, https:\/\/nervo.pt\/web\/wp-content\/uploads\/2023\/12\/111_NERVO_FEIRA_DO_LIVRO_LEYA-300x200.jpg 300w, https:\/\/nervo.pt\/web\/wp-content\/uploads\/2023\/12\/111_NERVO_FEIRA_DO_LIVRO_LEYA-768x512.jpg 768w, https:\/\/nervo.pt\/web\/wp-content\/uploads\/2023\/12\/111_NERVO_FEIRA_DO_LIVRO_LEYA-1536x1024.jpg 1536w, https:\/\/nervo.pt\/web\/wp-content\/uploads\/2023\/12\/111_NERVO_FEIRA_DO_LIVRO_LEYA-1568x1045.jpg 1568w, https:\/\/nervo.pt\/web\/wp-content\/uploads\/2023\/12\/111_NERVO_FEIRA_DO_LIVRO_LEYA.jpg 1920w\" sizes=\"(max-width: 750px) 100vw, 750px\" style=\"width:100%;height:66.67%;max-width:1920px\" \/>\t\t\t\t\t\t\t\t\t\t\t\t\t\t\t<\/div>\n\t\t\t\t<\/div>\n\t\t\t\t\t<\/div>\n\t\t<\/div>\n\t\t\t\t\t<\/div>\n\t\t<\/section>\n\t\t\t\t<section class=\"elementor-section elementor-top-section elementor-element elementor-element-921c391 elementor-section-boxed elementor-section-height-default elementor-section-height-default\" data-id=\"921c391\" data-element_type=\"section\" data-e-type=\"section\">\n\t\t\t\t\t\t<div class=\"elementor-container elementor-column-gap-default\">\n\t\t\t\t\t<div class=\"elementor-column elementor-col-100 elementor-top-column elementor-element elementor-element-8ecbcc2\" data-id=\"8ecbcc2\" data-element_type=\"column\" data-e-type=\"column\">\n\t\t\t<div class=\"elementor-widget-wrap elementor-element-populated\">\n\t\t\t\t\t\t<div class=\"elementor-element elementor-element-0cd4b22 elementor-widget elementor-widget-text-editor\" data-id=\"0cd4b22\" data-element_type=\"widget\" data-e-type=\"widget\" data-widget_type=\"text-editor.default\">\n\t\t\t\t<div class=\"elementor-widget-container\">\n\t\t\t\t\t\t\t\t\t<p style=\"font-weight: 400;\"><strong>Quisemos demonstrar que o conteu\u0301do proporcionado pela marca tem a capacidade de envolver o leitor<\/strong>. Aqui, quem le\u0302 assume um papel participativo, tornando-se parte da histo\u0301ria que le\u0302. Encontramos este conceito materializado nas ilustra\u00e7\u00f5es dos pavilho\u0303es das editoras, no pavilha\u0303o das novas tecnologias, na zona de autores, na zona de checkout, no palco e em photocalls espalhados pelo recinto.<\/p><p>\u00a0<\/p><p style=\"font-weight: 400;\"><strong>\u00a0<\/strong><\/p><p style=\"font-weight: 400;\"><strong>LeyaTok<\/strong><\/p><p style=\"font-weight: 400;\">Uma das grandes preocupa\u00e7\u00f5es dos criadores de conte\u00fado \u00e9 o espa\u00e7o onde gravam os seus v\u00eddeos.<\/p><p style=\"font-weight: 400;\">Agarr\u00e1mos nesta oportunidade e constru\u00edmos um cen\u00e1rio cuidadosamente pensado para a grava\u00e7\u00e3o de conte\u00fados para as redes: um corner que representava, de forma objetiva, o interior de um livro aberto e que, figurativamente, oferecia uma visualiza\u00e7\u00e3o dos conte\u00fados que a LeYa disponibiliza para o digital.<\/p>\t\t\t\t\t\t\t\t<\/div>\n\t\t\t\t<\/div>\n\t\t\t\t<div class=\"elementor-element elementor-element-6978948 elementor-widget elementor-widget-image\" data-id=\"6978948\" data-element_type=\"widget\" data-e-type=\"widget\" data-widget_type=\"image.default\">\n\t\t\t\t<div class=\"elementor-widget-container\">\n\t\t\t\t\t\t\t\t\t\t\t\t\t\t\t<img loading=\"lazy\" decoding=\"async\" width=\"750\" height=\"500\" src=\"https:\/\/nervo.pt\/web\/wp-content\/uploads\/2023\/12\/018_NERVO_FEIRA_DO_LIVRO_LEYA-1024x683.jpg\" class=\"attachment-large size-large wp-image-2773\" alt=\"\" srcset=\"https:\/\/nervo.pt\/web\/wp-content\/uploads\/2023\/12\/018_NERVO_FEIRA_DO_LIVRO_LEYA-1024x683.jpg 1024w, https:\/\/nervo.pt\/web\/wp-content\/uploads\/2023\/12\/018_NERVO_FEIRA_DO_LIVRO_LEYA-300x200.jpg 300w, https:\/\/nervo.pt\/web\/wp-content\/uploads\/2023\/12\/018_NERVO_FEIRA_DO_LIVRO_LEYA-768x512.jpg 768w, https:\/\/nervo.pt\/web\/wp-content\/uploads\/2023\/12\/018_NERVO_FEIRA_DO_LIVRO_LEYA-1536x1024.jpg 1536w, https:\/\/nervo.pt\/web\/wp-content\/uploads\/2023\/12\/018_NERVO_FEIRA_DO_LIVRO_LEYA-1568x1045.jpg 1568w, https:\/\/nervo.pt\/web\/wp-content\/uploads\/2023\/12\/018_NERVO_FEIRA_DO_LIVRO_LEYA.jpg 1920w\" sizes=\"(max-width: 750px) 100vw, 750px\" style=\"width:100%;height:66.67%;max-width:1920px\" \/>\t\t\t\t\t\t\t\t\t\t\t\t\t\t\t<\/div>\n\t\t\t\t<\/div>\n\t\t\t\t<div class=\"elementor-element elementor-element-541e04c elementor-widget-tablet__width-initial elementor-widget elementor-widget-text-editor\" data-id=\"541e04c\" data-element_type=\"widget\" data-e-type=\"widget\" data-widget_type=\"text-editor.default\">\n\t\t\t\t<div class=\"elementor-widget-container\">\n\t\t\t\t\t\t\t\t\t<p><em><b>L<\/b><\/em><em style=\"color: var( --e-global-color-text ); letter-spacing: var( --e-global-typography-text-letter-spacing ); text-decoration: var( --e-global-typography-text-text-decoration );\"><b>eYa, sem limites<\/b><\/em><\/p><p style=\"font-weight: 400;\">Para as fotografias, o cen\u00e1rio foi outro: tir\u00e1mos partido de um jogo de espelhos para criarmos uma ilus\u00e3o \u00f3tica que d\u00e1 a sensa\u00e7\u00e3o de um corredor infinito, com prateleiras repletas de livros. Cri\u00e1mos uma sensa\u00e7\u00e3o imersiva, onde os visitantes se veem a entrar no seu pr\u00f3prio dispositivo e encontram um vasto leque de conte\u00fados \u00e0 escolha.<\/p><p style=\"font-weight: 400;\">O resultado \u00e9 um spot instagram\u00e1vel, que representa a presen\u00e7a digital da LeYa.<\/p>\t\t\t\t\t\t\t\t<\/div>\n\t\t\t\t<\/div>\n\t\t\t\t<div class=\"elementor-element elementor-element-0f762aa elementor-widget elementor-widget-image\" data-id=\"0f762aa\" data-element_type=\"widget\" data-e-type=\"widget\" data-widget_type=\"image.default\">\n\t\t\t\t<div class=\"elementor-widget-container\">\n\t\t\t\t\t\t\t\t\t\t\t\t\t\t\t<img loading=\"lazy\" decoding=\"async\" width=\"750\" height=\"500\" src=\"https:\/\/nervo.pt\/web\/wp-content\/uploads\/2023\/12\/119_NERVO_FEIRA_DO_LIVRO_LEYA-1024x683.jpg\" class=\"attachment-large size-large wp-image-2772\" alt=\"\" srcset=\"https:\/\/nervo.pt\/web\/wp-content\/uploads\/2023\/12\/119_NERVO_FEIRA_DO_LIVRO_LEYA-1024x683.jpg 1024w, https:\/\/nervo.pt\/web\/wp-content\/uploads\/2023\/12\/119_NERVO_FEIRA_DO_LIVRO_LEYA-300x200.jpg 300w, https:\/\/nervo.pt\/web\/wp-content\/uploads\/2023\/12\/119_NERVO_FEIRA_DO_LIVRO_LEYA-768x512.jpg 768w, https:\/\/nervo.pt\/web\/wp-content\/uploads\/2023\/12\/119_NERVO_FEIRA_DO_LIVRO_LEYA-1536x1024.jpg 1536w, https:\/\/nervo.pt\/web\/wp-content\/uploads\/2023\/12\/119_NERVO_FEIRA_DO_LIVRO_LEYA-1568x1045.jpg 1568w, https:\/\/nervo.pt\/web\/wp-content\/uploads\/2023\/12\/119_NERVO_FEIRA_DO_LIVRO_LEYA.jpg 1920w\" sizes=\"(max-width: 750px) 100vw, 750px\" style=\"width:100%;height:66.67%;max-width:1920px\" \/>\t\t\t\t\t\t\t\t\t\t\t\t\t\t\t<\/div>\n\t\t\t\t<\/div>\n\t\t\t\t\t<\/div>\n\t\t<\/div>\n\t\t\t\t\t<\/div>\n\t\t<\/section>\n\t\t\t\t<section class=\"elementor-section elementor-top-section elementor-element elementor-element-86d9aed elementor-section-stretched animated-slow elementor-section-boxed elementor-section-height-default elementor-section-height-default elementor-invisible\" data-id=\"86d9aed\" data-element_type=\"section\" data-e-type=\"section\" data-settings=\"{&quot;stretch_section&quot;:&quot;section-stretched&quot;,&quot;animation&quot;:&quot;fadeIn&quot;}\">\n\t\t\t\t\t\t<div class=\"elementor-container elementor-column-gap-custom\">\n\t\t\t\t\t<div class=\"elementor-column elementor-col-50 elementor-top-column elementor-element elementor-element-e89d4cf\" data-id=\"e89d4cf\" data-element_type=\"column\" data-e-type=\"column\">\n\t\t\t<div class=\"elementor-widget-wrap\">\n\t\t\t\t\t\t\t<\/div>\n\t\t<\/div>\n\t\t\t\t<div class=\"elementor-column elementor-col-50 elementor-top-column elementor-element elementor-element-a62663d\" data-id=\"a62663d\" data-element_type=\"column\" data-e-type=\"column\">\n\t\t\t<div class=\"elementor-widget-wrap\">\n\t\t\t\t\t\t\t<\/div>\n\t\t<\/div>\n\t\t\t\t\t<\/div>\n\t\t<\/section>\n\t\t\t\t<\/div>\n\t\t","protected":false},"excerpt":{"rendered":"<p>Template 03 &#8211; Lorem ipsum dolor sit amet, consectetur adipiscing elit, sed do eiusmod tempor incididunt ut labore et dolore magna aliqua. Ut enim ad minim veniam, quis nostrud exercitation ullamco laboris nisi ut aliquip ex ea commodo consequat.<\/p>\n","protected":false},"author":2,"featured_media":2803,"comment_status":"closed","ping_status":"open","sticky":false,"template":"","format":"standard","meta":{"inline_featured_image":false,"footnotes":""},"categories":[47],"tags":[37],"class_list":["post-2758","post","type-post","status-publish","format-standard","has-post-thumbnail","hentry","category-leya","tag-template","entry"],"yoast_head":"<!-- This site is optimized with the Yoast SEO plugin v27.4 - https:\/\/yoast.com\/product\/yoast-seo-wordpress\/ -->\n<title>Feira do Livro - NERVO<\/title>\n<meta name=\"description\" content=\"Na Feira do Livro de 2023, volt\u00e1mos a desenvolver o espa\u00e7o na Pra\u00e7a Leya, com algumas particularidades novas. A marca quis chegar mais perto dos criadores de conte\u00fado e ter uma ativa\u00e7\u00e3o na LeYaTok, com uma \u00e1rea prop\u00edcia para a cria\u00e7\u00e3o de conte\u00fados digitais. O objetivo desta a\u00e7\u00e3o era comunicar os produtos da marca, gerar conte\u00fado, criar engagment e estender a presen\u00e7a f\u00edsica na feira para o mundo digital.\" \/>\n<meta name=\"robots\" content=\"index, follow, max-snippet:-1, max-image-preview:large, max-video-preview:-1\" \/>\n<link rel=\"canonical\" href=\"https:\/\/nervo.pt\/web\/feira-do-livro\/\" \/>\n<meta property=\"og:locale\" content=\"pt_PT\" \/>\n<meta property=\"og:type\" content=\"article\" \/>\n<meta property=\"og:title\" content=\"Feira do Livro - NERVO\" \/>\n<meta property=\"og:description\" content=\"Na Feira do Livro de 2023, volt\u00e1mos a desenvolver o espa\u00e7o na Pra\u00e7a Leya, com algumas particularidades novas. A marca quis chegar mais perto dos criadores de conte\u00fado e ter uma ativa\u00e7\u00e3o na LeYaTok, com uma \u00e1rea prop\u00edcia para a cria\u00e7\u00e3o de conte\u00fados digitais. O objetivo desta a\u00e7\u00e3o era comunicar os produtos da marca, gerar conte\u00fado, criar engagment e estender a presen\u00e7a f\u00edsica na feira para o mundo digital.\" \/>\n<meta property=\"og:url\" content=\"https:\/\/nervo.pt\/web\/feira-do-livro\/\" \/>\n<meta property=\"og:site_name\" content=\"NERVO\" \/>\n<meta property=\"article:publisher\" content=\"https:\/\/www.facebook.com\/NERVOAGENCY\" \/>\n<meta property=\"article:published_time\" content=\"2024-04-04T17:12:21+00:00\" \/>\n<meta property=\"article:modified_time\" content=\"2024-08-20T15:31:01+00:00\" \/>\n<meta property=\"og:image\" content=\"https:\/\/nervo.pt\/web\/wp-content\/uploads\/2023\/12\/034_NERVO_FEIRA_DO_LIVRO_LEYA-2.jpg\" \/>\n\t<meta property=\"og:image:width\" content=\"824\" \/>\n\t<meta property=\"og:image:height\" content=\"820\" \/>\n\t<meta property=\"og:image:type\" content=\"image\/jpeg\" \/>\n<meta name=\"author\" content=\"admin-nervo\" \/>\n<meta name=\"twitter:card\" content=\"summary_large_image\" \/>\n<meta name=\"twitter:label1\" content=\"Escrito por\" \/>\n\t<meta name=\"twitter:data1\" content=\"admin-nervo\" \/>\n\t<meta name=\"twitter:label2\" content=\"Tempo estimado de leitura\" \/>\n\t<meta name=\"twitter:data2\" content=\"3 minutos\" \/>\n<script type=\"application\/ld+json\" class=\"yoast-schema-graph\">{\"@context\":\"https:\\\/\\\/schema.org\",\"@graph\":[{\"@type\":\"Article\",\"@id\":\"https:\\\/\\\/nervo.pt\\\/web\\\/feira-do-livro\\\/#article\",\"isPartOf\":{\"@id\":\"https:\\\/\\\/nervo.pt\\\/web\\\/feira-do-livro\\\/\"},\"author\":{\"name\":\"admin-nervo\",\"@id\":\"https:\\\/\\\/nervo.pt\\\/web\\\/#\\\/schema\\\/person\\\/41eb1b5e529f368f0b2df640089b4e02\"},\"headline\":\"Feira do Livro\",\"datePublished\":\"2024-04-04T17:12:21+00:00\",\"dateModified\":\"2024-08-20T15:31:01+00:00\",\"mainEntityOfPage\":{\"@id\":\"https:\\\/\\\/nervo.pt\\\/web\\\/feira-do-livro\\\/\"},\"wordCount\":367,\"publisher\":{\"@id\":\"https:\\\/\\\/nervo.pt\\\/web\\\/#organization\"},\"image\":{\"@id\":\"https:\\\/\\\/nervo.pt\\\/web\\\/feira-do-livro\\\/#primaryimage\"},\"thumbnailUrl\":\"https:\\\/\\\/nervo.pt\\\/web\\\/wp-content\\\/uploads\\\/2023\\\/12\\\/034_NERVO_FEIRA_DO_LIVRO_LEYA-2.jpg\",\"keywords\":[\"Template\"],\"articleSection\":[\"Leya\"],\"inLanguage\":\"pt-PT\"},{\"@type\":\"WebPage\",\"@id\":\"https:\\\/\\\/nervo.pt\\\/web\\\/feira-do-livro\\\/\",\"url\":\"https:\\\/\\\/nervo.pt\\\/web\\\/feira-do-livro\\\/\",\"name\":\"Feira do Livro - NERVO\",\"isPartOf\":{\"@id\":\"https:\\\/\\\/nervo.pt\\\/web\\\/#website\"},\"primaryImageOfPage\":{\"@id\":\"https:\\\/\\\/nervo.pt\\\/web\\\/feira-do-livro\\\/#primaryimage\"},\"image\":{\"@id\":\"https:\\\/\\\/nervo.pt\\\/web\\\/feira-do-livro\\\/#primaryimage\"},\"thumbnailUrl\":\"https:\\\/\\\/nervo.pt\\\/web\\\/wp-content\\\/uploads\\\/2023\\\/12\\\/034_NERVO_FEIRA_DO_LIVRO_LEYA-2.jpg\",\"datePublished\":\"2024-04-04T17:12:21+00:00\",\"dateModified\":\"2024-08-20T15:31:01+00:00\",\"description\":\"Na Feira do Livro de 2023, volt\u00e1mos a desenvolver o espa\u00e7o na Pra\u00e7a Leya, com algumas particularidades novas. A marca quis chegar mais perto dos criadores de conte\u00fado e ter uma ativa\u00e7\u00e3o na LeYaTok, com uma \u00e1rea prop\u00edcia para a cria\u00e7\u00e3o de conte\u00fados digitais. O objetivo desta a\u00e7\u00e3o era comunicar os produtos da marca, gerar conte\u00fado, criar engagment e estender a presen\u00e7a f\u00edsica na feira para o mundo digital.\",\"breadcrumb\":{\"@id\":\"https:\\\/\\\/nervo.pt\\\/web\\\/feira-do-livro\\\/#breadcrumb\"},\"inLanguage\":\"pt-PT\",\"potentialAction\":[{\"@type\":\"ReadAction\",\"target\":[\"https:\\\/\\\/nervo.pt\\\/web\\\/feira-do-livro\\\/\"]}]},{\"@type\":\"ImageObject\",\"inLanguage\":\"pt-PT\",\"@id\":\"https:\\\/\\\/nervo.pt\\\/web\\\/feira-do-livro\\\/#primaryimage\",\"url\":\"https:\\\/\\\/nervo.pt\\\/web\\\/wp-content\\\/uploads\\\/2023\\\/12\\\/034_NERVO_FEIRA_DO_LIVRO_LEYA-2.jpg\",\"contentUrl\":\"https:\\\/\\\/nervo.pt\\\/web\\\/wp-content\\\/uploads\\\/2023\\\/12\\\/034_NERVO_FEIRA_DO_LIVRO_LEYA-2.jpg\",\"width\":824,\"height\":820},{\"@type\":\"BreadcrumbList\",\"@id\":\"https:\\\/\\\/nervo.pt\\\/web\\\/feira-do-livro\\\/#breadcrumb\",\"itemListElement\":[{\"@type\":\"ListItem\",\"position\":1,\"name\":\"Home\",\"item\":\"https:\\\/\\\/nervo.pt\\\/web\\\/\"},{\"@type\":\"ListItem\",\"position\":2,\"name\":\"Feira do Livro\"}]},{\"@type\":\"WebSite\",\"@id\":\"https:\\\/\\\/nervo.pt\\\/web\\\/#website\",\"url\":\"https:\\\/\\\/nervo.pt\\\/web\\\/\",\"name\":\"NERVO\",\"description\":\"BRAND ENTERTAINMENT\",\"publisher\":{\"@id\":\"https:\\\/\\\/nervo.pt\\\/web\\\/#organization\"},\"potentialAction\":[{\"@type\":\"SearchAction\",\"target\":{\"@type\":\"EntryPoint\",\"urlTemplate\":\"https:\\\/\\\/nervo.pt\\\/web\\\/?s={search_term_string}\"},\"query-input\":{\"@type\":\"PropertyValueSpecification\",\"valueRequired\":true,\"valueName\":\"search_term_string\"}}],\"inLanguage\":\"pt-PT\"},{\"@type\":\"Organization\",\"@id\":\"https:\\\/\\\/nervo.pt\\\/web\\\/#organization\",\"name\":\"NERVO\",\"url\":\"https:\\\/\\\/nervo.pt\\\/web\\\/\",\"logo\":{\"@type\":\"ImageObject\",\"inLanguage\":\"pt-PT\",\"@id\":\"https:\\\/\\\/nervo.pt\\\/web\\\/#\\\/schema\\\/logo\\\/image\\\/\",\"url\":\"https:\\\/\\\/nervo.pt\\\/web\\\/wp-content\\\/uploads\\\/2023\\\/09\\\/logo-email-nervo.png\",\"contentUrl\":\"https:\\\/\\\/nervo.pt\\\/web\\\/wp-content\\\/uploads\\\/2023\\\/09\\\/logo-email-nervo.png\",\"width\":127,\"height\":127,\"caption\":\"NERVO\"},\"image\":{\"@id\":\"https:\\\/\\\/nervo.pt\\\/web\\\/#\\\/schema\\\/logo\\\/image\\\/\"},\"sameAs\":[\"https:\\\/\\\/www.facebook.com\\\/NERVOAGENCY\",\"https:\\\/\\\/www.instagram.com\\\/nervoagency\\\/\"]},{\"@type\":\"Person\",\"@id\":\"https:\\\/\\\/nervo.pt\\\/web\\\/#\\\/schema\\\/person\\\/41eb1b5e529f368f0b2df640089b4e02\",\"name\":\"admin-nervo\",\"image\":{\"@type\":\"ImageObject\",\"inLanguage\":\"pt-PT\",\"@id\":\"https:\\\/\\\/secure.gravatar.com\\\/avatar\\\/77a3571d8b3a1ff629b41773cf32d8cfc090a5a267c3efc0751dd274cb655ce6?s=96&d=mm&r=g\",\"url\":\"https:\\\/\\\/secure.gravatar.com\\\/avatar\\\/77a3571d8b3a1ff629b41773cf32d8cfc090a5a267c3efc0751dd274cb655ce6?s=96&d=mm&r=g\",\"contentUrl\":\"https:\\\/\\\/secure.gravatar.com\\\/avatar\\\/77a3571d8b3a1ff629b41773cf32d8cfc090a5a267c3efc0751dd274cb655ce6?s=96&d=mm&r=g\",\"caption\":\"admin-nervo\"},\"url\":\"https:\\\/\\\/nervo.pt\\\/web\\\/author\\\/admin-nervo\\\/\"}]}<\/script>\n<!-- \/ Yoast SEO plugin. -->","yoast_head_json":{"title":"Feira do Livro - NERVO","description":"Na Feira do Livro de 2023, volt\u00e1mos a desenvolver o espa\u00e7o na Pra\u00e7a Leya, com algumas particularidades novas. A marca quis chegar mais perto dos criadores de conte\u00fado e ter uma ativa\u00e7\u00e3o na LeYaTok, com uma \u00e1rea prop\u00edcia para a cria\u00e7\u00e3o de conte\u00fados digitais. O objetivo desta a\u00e7\u00e3o era comunicar os produtos da marca, gerar conte\u00fado, criar engagment e estender a presen\u00e7a f\u00edsica na feira para o mundo digital.","robots":{"index":"index","follow":"follow","max-snippet":"max-snippet:-1","max-image-preview":"max-image-preview:large","max-video-preview":"max-video-preview:-1"},"canonical":"https:\/\/nervo.pt\/web\/feira-do-livro\/","og_locale":"pt_PT","og_type":"article","og_title":"Feira do Livro - NERVO","og_description":"Na Feira do Livro de 2023, volt\u00e1mos a desenvolver o espa\u00e7o na Pra\u00e7a Leya, com algumas particularidades novas. A marca quis chegar mais perto dos criadores de conte\u00fado e ter uma ativa\u00e7\u00e3o na LeYaTok, com uma \u00e1rea prop\u00edcia para a cria\u00e7\u00e3o de conte\u00fados digitais. O objetivo desta a\u00e7\u00e3o era comunicar os produtos da marca, gerar conte\u00fado, criar engagment e estender a presen\u00e7a f\u00edsica na feira para o mundo digital.","og_url":"https:\/\/nervo.pt\/web\/feira-do-livro\/","og_site_name":"NERVO","article_publisher":"https:\/\/www.facebook.com\/NERVOAGENCY","article_published_time":"2024-04-04T17:12:21+00:00","article_modified_time":"2024-08-20T15:31:01+00:00","og_image":[{"width":824,"height":820,"url":"https:\/\/nervo.pt\/web\/wp-content\/uploads\/2023\/12\/034_NERVO_FEIRA_DO_LIVRO_LEYA-2.jpg","type":"image\/jpeg"}],"author":"admin-nervo","twitter_card":"summary_large_image","twitter_misc":{"Escrito por":"admin-nervo","Tempo estimado de leitura":"3 minutos"},"schema":{"@context":"https:\/\/schema.org","@graph":[{"@type":"Article","@id":"https:\/\/nervo.pt\/web\/feira-do-livro\/#article","isPartOf":{"@id":"https:\/\/nervo.pt\/web\/feira-do-livro\/"},"author":{"name":"admin-nervo","@id":"https:\/\/nervo.pt\/web\/#\/schema\/person\/41eb1b5e529f368f0b2df640089b4e02"},"headline":"Feira do Livro","datePublished":"2024-04-04T17:12:21+00:00","dateModified":"2024-08-20T15:31:01+00:00","mainEntityOfPage":{"@id":"https:\/\/nervo.pt\/web\/feira-do-livro\/"},"wordCount":367,"publisher":{"@id":"https:\/\/nervo.pt\/web\/#organization"},"image":{"@id":"https:\/\/nervo.pt\/web\/feira-do-livro\/#primaryimage"},"thumbnailUrl":"https:\/\/nervo.pt\/web\/wp-content\/uploads\/2023\/12\/034_NERVO_FEIRA_DO_LIVRO_LEYA-2.jpg","keywords":["Template"],"articleSection":["Leya"],"inLanguage":"pt-PT"},{"@type":"WebPage","@id":"https:\/\/nervo.pt\/web\/feira-do-livro\/","url":"https:\/\/nervo.pt\/web\/feira-do-livro\/","name":"Feira do Livro - NERVO","isPartOf":{"@id":"https:\/\/nervo.pt\/web\/#website"},"primaryImageOfPage":{"@id":"https:\/\/nervo.pt\/web\/feira-do-livro\/#primaryimage"},"image":{"@id":"https:\/\/nervo.pt\/web\/feira-do-livro\/#primaryimage"},"thumbnailUrl":"https:\/\/nervo.pt\/web\/wp-content\/uploads\/2023\/12\/034_NERVO_FEIRA_DO_LIVRO_LEYA-2.jpg","datePublished":"2024-04-04T17:12:21+00:00","dateModified":"2024-08-20T15:31:01+00:00","description":"Na Feira do Livro de 2023, volt\u00e1mos a desenvolver o espa\u00e7o na Pra\u00e7a Leya, com algumas particularidades novas. A marca quis chegar mais perto dos criadores de conte\u00fado e ter uma ativa\u00e7\u00e3o na LeYaTok, com uma \u00e1rea prop\u00edcia para a cria\u00e7\u00e3o de conte\u00fados digitais. O objetivo desta a\u00e7\u00e3o era comunicar os produtos da marca, gerar conte\u00fado, criar engagment e estender a presen\u00e7a f\u00edsica na feira para o mundo digital.","breadcrumb":{"@id":"https:\/\/nervo.pt\/web\/feira-do-livro\/#breadcrumb"},"inLanguage":"pt-PT","potentialAction":[{"@type":"ReadAction","target":["https:\/\/nervo.pt\/web\/feira-do-livro\/"]}]},{"@type":"ImageObject","inLanguage":"pt-PT","@id":"https:\/\/nervo.pt\/web\/feira-do-livro\/#primaryimage","url":"https:\/\/nervo.pt\/web\/wp-content\/uploads\/2023\/12\/034_NERVO_FEIRA_DO_LIVRO_LEYA-2.jpg","contentUrl":"https:\/\/nervo.pt\/web\/wp-content\/uploads\/2023\/12\/034_NERVO_FEIRA_DO_LIVRO_LEYA-2.jpg","width":824,"height":820},{"@type":"BreadcrumbList","@id":"https:\/\/nervo.pt\/web\/feira-do-livro\/#breadcrumb","itemListElement":[{"@type":"ListItem","position":1,"name":"Home","item":"https:\/\/nervo.pt\/web\/"},{"@type":"ListItem","position":2,"name":"Feira do Livro"}]},{"@type":"WebSite","@id":"https:\/\/nervo.pt\/web\/#website","url":"https:\/\/nervo.pt\/web\/","name":"NERVO","description":"BRAND ENTERTAINMENT","publisher":{"@id":"https:\/\/nervo.pt\/web\/#organization"},"potentialAction":[{"@type":"SearchAction","target":{"@type":"EntryPoint","urlTemplate":"https:\/\/nervo.pt\/web\/?s={search_term_string}"},"query-input":{"@type":"PropertyValueSpecification","valueRequired":true,"valueName":"search_term_string"}}],"inLanguage":"pt-PT"},{"@type":"Organization","@id":"https:\/\/nervo.pt\/web\/#organization","name":"NERVO","url":"https:\/\/nervo.pt\/web\/","logo":{"@type":"ImageObject","inLanguage":"pt-PT","@id":"https:\/\/nervo.pt\/web\/#\/schema\/logo\/image\/","url":"https:\/\/nervo.pt\/web\/wp-content\/uploads\/2023\/09\/logo-email-nervo.png","contentUrl":"https:\/\/nervo.pt\/web\/wp-content\/uploads\/2023\/09\/logo-email-nervo.png","width":127,"height":127,"caption":"NERVO"},"image":{"@id":"https:\/\/nervo.pt\/web\/#\/schema\/logo\/image\/"},"sameAs":["https:\/\/www.facebook.com\/NERVOAGENCY","https:\/\/www.instagram.com\/nervoagency\/"]},{"@type":"Person","@id":"https:\/\/nervo.pt\/web\/#\/schema\/person\/41eb1b5e529f368f0b2df640089b4e02","name":"admin-nervo","image":{"@type":"ImageObject","inLanguage":"pt-PT","@id":"https:\/\/secure.gravatar.com\/avatar\/77a3571d8b3a1ff629b41773cf32d8cfc090a5a267c3efc0751dd274cb655ce6?s=96&d=mm&r=g","url":"https:\/\/secure.gravatar.com\/avatar\/77a3571d8b3a1ff629b41773cf32d8cfc090a5a267c3efc0751dd274cb655ce6?s=96&d=mm&r=g","contentUrl":"https:\/\/secure.gravatar.com\/avatar\/77a3571d8b3a1ff629b41773cf32d8cfc090a5a267c3efc0751dd274cb655ce6?s=96&d=mm&r=g","caption":"admin-nervo"},"url":"https:\/\/nervo.pt\/web\/author\/admin-nervo\/"}]}},"_links":{"self":[{"href":"https:\/\/nervo.pt\/web\/wp-json\/wp\/v2\/posts\/2758","targetHints":{"allow":["GET"]}}],"collection":[{"href":"https:\/\/nervo.pt\/web\/wp-json\/wp\/v2\/posts"}],"about":[{"href":"https:\/\/nervo.pt\/web\/wp-json\/wp\/v2\/types\/post"}],"author":[{"embeddable":true,"href":"https:\/\/nervo.pt\/web\/wp-json\/wp\/v2\/users\/2"}],"replies":[{"embeddable":true,"href":"https:\/\/nervo.pt\/web\/wp-json\/wp\/v2\/comments?post=2758"}],"version-history":[{"count":29,"href":"https:\/\/nervo.pt\/web\/wp-json\/wp\/v2\/posts\/2758\/revisions"}],"predecessor-version":[{"id":3694,"href":"https:\/\/nervo.pt\/web\/wp-json\/wp\/v2\/posts\/2758\/revisions\/3694"}],"wp:featuredmedia":[{"embeddable":true,"href":"https:\/\/nervo.pt\/web\/wp-json\/wp\/v2\/media\/2803"}],"wp:attachment":[{"href":"https:\/\/nervo.pt\/web\/wp-json\/wp\/v2\/media?parent=2758"}],"wp:term":[{"taxonomy":"category","embeddable":true,"href":"https:\/\/nervo.pt\/web\/wp-json\/wp\/v2\/categories?post=2758"},{"taxonomy":"post_tag","embeddable":true,"href":"https:\/\/nervo.pt\/web\/wp-json\/wp\/v2\/tags?post=2758"}],"curies":[{"name":"wp","href":"https:\/\/api.w.org\/{rel}","templated":true}]}}